{"id":102,"date":"2019-08-07T15:12:22","date_gmt":"2019-08-07T15:12:22","guid":{"rendered":"https:\/\/skak.is\/islandsmot-skakfelaga\/2019\/08\/07\/islandsmot-skakfelaga-dregid-um-toflurod-a-sunnudaginn\/"},"modified":"2020-02-05T17:25:11","modified_gmt":"2020-02-05T17:25:11","slug":"islandsmot-skakfelaga-dregid-um-toflurod-a-sunnudaginn","status":"publish","type":"post","link":"https:\/\/skak.is\/islandsmot-skakfelaga\/2019\/08\/07\/islandsmot-skakfelaga-dregid-um-toflurod-a-sunnudaginn\/","title":{"rendered":"\u00cdslandsm\u00f3t sk\u00e1kf\u00e9laga &#8211; dregi\u00f0 um t\u00f6flur\u00f6\u00f0 \u00e1 sunnudaginn"},"content":{"rendered":"<p>Dregi\u00f0 ver\u00f0ur um t\u00f6flur\u00f6\u00f0 \u00e1 \u00cdslandsm\u00f3ti sk\u00e1kf\u00e9laga vi\u00f0 upphaf <a href=\"http:\/\/taflfelag.is\/stormot-arbaejarsafns-og-tr-haldid-sunnudaginn-11-agust\/\">St\u00f3rm\u00f3ts \u00c1rab\u00e6jarsafns og TR<\/a> \u00e1 sunnudaginn 11. \u00e1g\u00fast. <strong>Dr\u00e1tturinn hefst stundv\u00edslega kl. 13:45.\u00a0<\/strong><\/p>\n<p>Dregi\u00f0 ver\u00f0ur um t\u00f6flur\u00f6\u00f0 \u00ed 1.-, 2.- og 3. deild.<\/p>\n<p>Fyrri hluti m\u00f3tsins ver\u00f0ur haldinn \u00ed <strong>Rimask\u00f3la 3.-6. okt\u00f3ber 2019<\/strong> en s\u00e1 s\u00ed\u00f0ari \u00e1 <strong>H\u00f3tel Selfossi 19.-21. mars 2020<\/strong>.<\/p>\n<p>Forr\u00e1\u00f0amenn taflf\u00e9laga eru hvattir til a\u00f0 m\u00e6ta \u00ed \u00c1rb\u00e6jarsafni\u00f0 e\u00f0a senda fulltr\u00faa.<\/p>\n","protected":false},"excerpt":{"rendered":"<p>Dregi\u00f0 ver\u00f0ur um t\u00f6flur\u00f6\u00f0 \u00e1 \u00cdslandsm\u00f3ti sk\u00e1kf\u00e9laga vi\u00f0 upphaf St\u00f3rm\u00f3ts \u00c1rab\u00e6jarsafns og TR \u00e1 sunnudaginn 11. \u00e1g\u00fast. Dr\u00e1tturinn hefst stundv\u00edslega kl. 13:45.\u00a0 Dregi\u00f0 ver\u00f0ur um t\u00f6flur\u00f6\u00f0 \u00ed 1.-, 2.- og 3. deild. Fyrri hluti m\u00f3tsins ver\u00f0ur haldinn \u00ed Rimask\u00f3la 3.-6. okt\u00f3ber 2019 en s\u00e1 s\u00ed\u00f0ari \u00e1 H\u00f3tel Selfossi 19.-21. mars 2020. Forr\u00e1\u00f0amenn taflf\u00e9laga eru hvattir [&hellip;]<\/p>\n","protected":false},"author":2,"featured_media":103,"comment_status":"open","ping_status":"open","sticky":false,"template":"","format":"standard","meta":{"footnotes":""},"categories":[3],"tags":[],"class_list":["post-102","post","type-post","status-publish","format-standard","has-post-thumbnail","hentry","category-islandsmot-skakfelaga"],"jetpack_featured_media_url":"https:\/\/skak.is\/islandsmot-skakfelaga\/wp-content\/uploads\/sites\/12\/2020\/02\/Skaksamband-logo_med_frettum.png","_links":{"self":[{"href":"https:\/\/skak.is\/islandsmot-skakfelaga\/wp-json\/wp\/v2\/posts\/102","targetHints":{"allow":["GET"]}}],"collection":[{"href":"https:\/\/skak.is\/islandsmot-skakfelaga\/wp-json\/wp\/v2\/posts"}],"about":[{"href":"https:\/\/skak.is\/islandsmot-skakfelaga\/wp-json\/wp\/v2\/types\/post"}],"author":[{"embeddable":true,"href":"https:\/\/skak.is\/islandsmot-skakfelaga\/wp-json\/wp\/v2\/users\/2"}],"replies":[{"embeddable":true,"href":"https:\/\/skak.is\/islandsmot-skakfelaga\/wp-json\/wp\/v2\/comments?post=102"}],"version-history":[{"count":1,"href":"https:\/\/skak.is\/islandsmot-skakfelaga\/wp-json\/wp\/v2\/posts\/102\/revisions"}],"predecessor-version":[{"id":104,"href":"https:\/\/skak.is\/islandsmot-skakfelaga\/wp-json\/wp\/v2\/posts\/102\/revisions\/104"}],"wp:featuredmedia":[{"embeddable":true,"href":"https:\/\/skak.is\/islandsmot-skakfelaga\/wp-json\/wp\/v2\/media\/103"}],"wp:attachment":[{"href":"https:\/\/skak.is\/islandsmot-skakfelaga\/wp-json\/wp\/v2\/media?parent=102"}],"wp:term":[{"taxonomy":"category","embeddable":true,"href":"https:\/\/skak.is\/islandsmot-skakfelaga\/wp-json\/wp\/v2\/categories?post=102"},{"taxonomy":"post_tag","embeddable":true,"href":"https:\/\/skak.is\/islandsmot-skakfelaga\/wp-json\/wp\/v2\/tags?post=102"}],"curies":[{"name":"wp","href":"https:\/\/api.w.org\/{rel}","templated":true}]}}