{"id":116,"date":"2019-02-25T10:00:03","date_gmt":"2019-02-25T10:00:03","guid":{"rendered":"https:\/\/skak.is\/islandsmot-skakfelaga\/2019\/02\/25\/sidari-hluti-islandsmots-skakfelaga-hefst-a-fimmtudaginn\/"},"modified":"2020-02-05T17:27:46","modified_gmt":"2020-02-05T17:27:46","slug":"sidari-hluti-islandsmots-skakfelaga-hefst-a-fimmtudaginn","status":"publish","type":"post","link":"https:\/\/skak.is\/islandsmot-skakfelaga\/2019\/02\/25\/sidari-hluti-islandsmots-skakfelaga-hefst-a-fimmtudaginn\/","title":{"rendered":"S\u00ed\u00f0ari hluti \u00cdslandsm\u00f3ts sk\u00e1kf\u00e9laga hefst \u00e1 fimmtudaginn"},"content":{"rendered":"<p>S\u00ed\u00f0ari hluti \u00cdslandsm\u00f3ts sk\u00e1kf\u00e9laga 2018-2019 fer fram dagana 28. febr\u00faar &#8211; 2. mars nk.\u00a0 M\u00f3ti\u00f0 fer fram \u00ed <strong>Rimask\u00f3la<\/strong>. Taflmennskan \u00ed 1.deild mun hefjast kl. 19.30 fimmtudaginn 28. febr\u00faar.\u00a0<strong>A\u00f0rar deildir<\/strong> munu hefja taflmennsku f\u00f6studaginn 1. mars kl. 20.00 og s\u00ed\u00f0an tefla laugardaginn 2. mars kl. 11.00 og kl. 17.00 sama dag.<\/p>\n<p>Umhugsunart\u00edmi er 90 m\u00edn. \u00e1 sk\u00e1kina + 30 sek. vi\u00f0b\u00f3tart\u00edmi b\u00e6tist vi\u00f0 eftir hvern leik.<\/p>\n<ul>\n<li><a href=\"http:\/\/chess-results.com\/tnr369841.aspx?lan=1\">1. deild<\/a><\/li>\n<li><a href=\"http:\/\/chess-results.com\/tnr369843.aspx?lan=1&amp;art=0\">2. deild<\/a><\/li>\n<li><a href=\"http:\/\/chess-results.com\/tnr369848.aspx?lan=1&amp;art=0\">3. deild<\/a><\/li>\n<li><a href=\"http:\/\/chess-results.com\/tnr391069.aspx?lan=1&amp;art=0\">4. deild<\/a><\/li>\n<\/ul>\n<p><a href=\"https:\/\/www.dropbox.com\/sh\/u6hlrexr8crglyb\/AACAUM68ECql1KYpdhTAgXWka?dl=0\">Uppl\u00fdsingar um styrkleikara\u00f0a\u00f0a lista, form og keppendaskr\u00e1r.\u00a0<\/a><\/p>\n<p>&nbsp;<\/p>\n","protected":false},"excerpt":{"rendered":"<p>S\u00ed\u00f0ari hluti \u00cdslandsm\u00f3ts sk\u00e1kf\u00e9laga 2018-2019 fer fram dagana 28. febr\u00faar &#8211; 2. mars nk.\u00a0 M\u00f3ti\u00f0 fer fram \u00ed Rimask\u00f3la. Taflmennskan \u00ed 1.deild mun hefjast kl. 19.30 fimmtudaginn 28. febr\u00faar.\u00a0A\u00f0rar deildir munu hefja taflmennsku f\u00f6studaginn 1. mars kl. 20.00 og s\u00ed\u00f0an tefla laugardaginn 2. mars kl. 11.00 og kl. 17.00 sama dag. Umhugsunart\u00edmi er 90 m\u00edn. [&hellip;]<\/p>\n","protected":false},"author":2,"featured_media":117,"comment_status":"open","ping_status":"open","sticky":false,"template":"","format":"standard","meta":{"footnotes":""},"categories":[3],"tags":[],"class_list":["post-116","post","type-post","status-publish","format-standard","has-post-thumbnail","hentry","category-islandsmot-skakfelaga"],"jetpack_featured_media_url":"https:\/\/skak.is\/islandsmot-skakfelaga\/wp-content\/uploads\/sites\/12\/2020\/02\/Rimask\u00f3li-sk\u00f3linn.jpg","_links":{"self":[{"href":"https:\/\/skak.is\/islandsmot-skakfelaga\/wp-json\/wp\/v2\/posts\/116","targetHints":{"allow":["GET"]}}],"collection":[{"href":"https:\/\/skak.is\/islandsmot-skakfelaga\/wp-json\/wp\/v2\/posts"}],"about":[{"href":"https:\/\/skak.is\/islandsmot-skakfelaga\/wp-json\/wp\/v2\/types\/post"}],"author":[{"embeddable":true,"href":"https:\/\/skak.is\/islandsmot-skakfelaga\/wp-json\/wp\/v2\/users\/2"}],"replies":[{"embeddable":true,"href":"https:\/\/skak.is\/islandsmot-skakfelaga\/wp-json\/wp\/v2\/comments?post=116"}],"version-history":[{"count":1,"href":"https:\/\/skak.is\/islandsmot-skakfelaga\/wp-json\/wp\/v2\/posts\/116\/revisions"}],"predecessor-version":[{"id":118,"href":"https:\/\/skak.is\/islandsmot-skakfelaga\/wp-json\/wp\/v2\/posts\/116\/revisions\/118"}],"wp:featuredmedia":[{"embeddable":true,"href":"https:\/\/skak.is\/islandsmot-skakfelaga\/wp-json\/wp\/v2\/media\/117"}],"wp:attachment":[{"href":"https:\/\/skak.is\/islandsmot-skakfelaga\/wp-json\/wp\/v2\/media?parent=116"}],"wp:term":[{"taxonomy":"category","embeddable":true,"href":"https:\/\/skak.is\/islandsmot-skakfelaga\/wp-json\/wp\/v2\/categories?post=116"},{"taxonomy":"post_tag","embeddable":true,"href":"https:\/\/skak.is\/islandsmot-skakfelaga\/wp-json\/wp\/v2\/tags?post=116"}],"curies":[{"name":"wp","href":"https:\/\/api.w.org\/{rel}","templated":true}]}}