{"id":130,"date":"2018-11-08T13:07:24","date_gmt":"2018-11-08T13:07:24","guid":{"rendered":"https:\/\/skak.is\/islandsmot-skakfelaga\/2018\/11\/08\/skakhladvarpid-islandsmot-skakfelaga-og-heimsmeistaraeinvigid\/"},"modified":"2020-02-05T17:31:16","modified_gmt":"2020-02-05T17:31:16","slug":"skakhladvarpid-islandsmot-skakfelaga-og-heimsmeistaraeinvigid","status":"publish","type":"post","link":"https:\/\/skak.is\/islandsmot-skakfelaga\/2018\/11\/08\/skakhladvarpid-islandsmot-skakfelaga-og-heimsmeistaraeinvigid\/","title":{"rendered":"Sk\u00e1khla\u00f0varpi\u00f0 &#8211; \u00cdslandsm\u00f3t sk\u00e1kf\u00e9laga og Heimsmeistaraeinv\u00edgi\u00f0"},"content":{"rendered":"<p>Fyrsta Sk\u00e1khla\u00f0varpi\u00f0\u00a0 var teki\u00f0 upp i dag eftir alllangt hl\u00e9. R\u00e6tt var annars vegar um \u00cdslandsm\u00f3t sk\u00e1kf\u00e9laga sem hefst \u00ed kv\u00f6ld og hins vegar um Heimsmeistaraeinv\u00edgi\u00f0 \u00ed sk\u00e1k sem hefst \u00e1 morgun \u00ed Lund\u00fanum.<\/p>\n<p>Sk\u00e1khla\u00f0varpi\u00f0 er \u00ed umsj\u00f3n <strong>Ingvars \u00de\u00f3r J\u00f3hannessonar<\/strong> og <strong>Gunnars Bj\u00f6rnssonar.<\/strong> \u00d6rugglega koma fleiri a\u00f0 \u00fev\u00ed \u00e1 seinni stigum.<\/p>\n<p>Sk\u00e1khla\u00f0varpi\u00f0 ver\u00f0ur reglulega \u00e1 me\u00f0an HM-einv\u00edginu stendur h\u00e9r \u00e1 Sk\u00e1k.is.<\/p>\n<audio class=\"wp-audio-shortcode\" id=\"audio-130-1\" preload=\"none\" style=\"width: 100%;\" controls=\"controls\"><source type=\"audio\/mpeg\" src=\"http:\/\/traffic.libsyn.com\/skakvarp\/SkakhladvarpHM.mp3?_=1\" \/><a href=\"http:\/\/traffic.libsyn.com\/skakvarp\/SkakhladvarpHM.mp3\">http:\/\/traffic.libsyn.com\/skakvarp\/SkakhladvarpHM.mp3<\/a><\/audio>\n","protected":false},"excerpt":{"rendered":"<p>Fyrsta Sk\u00e1khla\u00f0varpi\u00f0\u00a0 var teki\u00f0 upp i dag eftir alllangt hl\u00e9. R\u00e6tt var annars vegar um \u00cdslandsm\u00f3t sk\u00e1kf\u00e9laga sem hefst \u00ed kv\u00f6ld og hins vegar um Heimsmeistaraeinv\u00edgi\u00f0 \u00ed sk\u00e1k sem hefst \u00e1 morgun \u00ed Lund\u00fanum. Sk\u00e1khla\u00f0varpi\u00f0 er \u00ed umsj\u00f3n Ingvars \u00de\u00f3r J\u00f3hannessonar og Gunnars Bj\u00f6rnssonar. \u00d6rugglega koma fleiri a\u00f0 \u00fev\u00ed \u00e1 seinni stigum. Sk\u00e1khla\u00f0varpi\u00f0 ver\u00f0ur reglulega [&hellip;]<\/p>\n","protected":false},"author":6,"featured_media":108,"comment_status":"open","ping_status":"open","sticky":false,"template":"","format":"standard","meta":{"footnotes":""},"categories":[3,6],"tags":[],"class_list":["post-130","post","type-post","status-publish","format-standard","has-post-thumbnail","hentry","category-islandsmot-skakfelaga","category-skakvarpid"],"jetpack_featured_media_url":"https:\/\/skak.is\/islandsmot-skakfelaga\/wp-content\/uploads\/sites\/12\/2020\/02\/Sk\u00e1khla\u00f0avarpi\u00f0.jpg","_links":{"self":[{"href":"https:\/\/skak.is\/islandsmot-skakfelaga\/wp-json\/wp\/v2\/posts\/130","targetHints":{"allow":["GET"]}}],"collection":[{"href":"https:\/\/skak.is\/islandsmot-skakfelaga\/wp-json\/wp\/v2\/posts"}],"about":[{"href":"https:\/\/skak.is\/islandsmot-skakfelaga\/wp-json\/wp\/v2\/types\/post"}],"author":[{"embeddable":true,"href":"https:\/\/skak.is\/islandsmot-skakfelaga\/wp-json\/wp\/v2\/users\/6"}],"replies":[{"embeddable":true,"href":"https:\/\/skak.is\/islandsmot-skakfelaga\/wp-json\/wp\/v2\/comments?post=130"}],"version-history":[{"count":1,"href":"https:\/\/skak.is\/islandsmot-skakfelaga\/wp-json\/wp\/v2\/posts\/130\/revisions"}],"predecessor-version":[{"id":131,"href":"https:\/\/skak.is\/islandsmot-skakfelaga\/wp-json\/wp\/v2\/posts\/130\/revisions\/131"}],"wp:featuredmedia":[{"embeddable":true,"href":"https:\/\/skak.is\/islandsmot-skakfelaga\/wp-json\/wp\/v2\/media\/108"}],"wp:attachment":[{"href":"https:\/\/skak.is\/islandsmot-skakfelaga\/wp-json\/wp\/v2\/media?parent=130"}],"wp:term":[{"taxonomy":"category","embeddable":true,"href":"https:\/\/skak.is\/islandsmot-skakfelaga\/wp-json\/wp\/v2\/categories?post=130"},{"taxonomy":"post_tag","embeddable":true,"href":"https:\/\/skak.is\/islandsmot-skakfelaga\/wp-json\/wp\/v2\/tags?post=130"}],"curies":[{"name":"wp","href":"https:\/\/api.w.org\/{rel}","templated":true}]}}