{"id":1175,"date":"2020-03-05T20:00:57","date_gmt":"2020-03-05T20:00:57","guid":{"rendered":"https:\/\/skak.is\/skaksamband\/?p=1175"},"modified":"2020-03-05T20:00:57","modified_gmt":"2020-03-05T20:00:57","slug":"islandsmoti-skakfelaga-frestad-og-reykjavikurskakmotinu-aflyst","status":"publish","type":"post","link":"https:\/\/skak.is\/skaksamband\/2020\/03\/05\/islandsmoti-skakfelaga-frestad-og-reykjavikurskakmotinu-aflyst\/","title":{"rendered":"\u00cdslandsm\u00f3ti sk\u00e1kf\u00e9laga fresta\u00f0 og Reykjav\u00edkursk\u00e1km\u00f3tinu afl\u00fdst!"},"content":{"rendered":"<p>Stj\u00f3rn Sk\u00e1ksambands \u00cdslands afr\u00e9\u00f0 \u00e1 fundi s\u00ednum \u00ed kv\u00f6ld a\u00f0 fresta \u00cdslandsm\u00f3ti sk\u00e1kf\u00e9laga og afl\u00fdsa Reykjav\u00edkursk\u00e1km\u00f3tinu.<\/p>\n<p>\u00deessi \u00e1kv\u00f6r\u00f0un er tekin vegna \u00fatbrei\u00f0slu Covid-19 veirunnar og me\u00f0 hli\u00f0sj\u00f3n af r\u00e1\u00f0leggingum emb\u00e6ttis landl\u00e6knis \u00cdslands um a\u00f0 skynsamlegast v\u00e6ri a\u00f0 fresta m\u00f3tunum tveimur.<\/p>\n<p>Stefnt er a\u00f0 \u00fev\u00ed a\u00f0 halda \u00cdslandsm\u00f3t sk\u00e1kf\u00e9laga \u00ed s\u00ed\u00f0ari hluta ma\u00ed a\u00f0 \u00f3breyttu.<\/p>\n<p>\u00d6nnur m\u00f3t, \u00fear me\u00f0 talinn landsli\u00f0s- og \u00e1skorendaflokkur \u00cdslandsm\u00f3tsins \u00ed sk\u00e1k og \u00cdslandsm\u00f3t barnask\u00f3lasveita, fara fram \u00e1 \u00e1\u00f0ur tilgreindum t\u00edma nema a\u00f0st\u00e6\u00f0ur krefjist annars.<\/p>\n<p>Stj\u00f3rn Sk\u00e1ksambands \u00cdslands harmar a\u00f0 til \u00feessarar \u00e1kv\u00f6r\u00f0unar hafi komi\u00f0. En \u00ed lj\u00f3si a\u00f0st\u00e6\u00f0na var \u00fea\u00f0 mat stj\u00f3rnarinnar a\u00f0 \u00feessi \u00e1kv\u00f6r\u00f0un v\u00e6ri hin eina r\u00e9tta \u00ed st\u00f6\u00f0unni<\/p>\n","protected":false},"excerpt":{"rendered":"<p>Stj\u00f3rn Sk\u00e1ksambands \u00cdslands afr\u00e9\u00f0 \u00e1 fundi s\u00ednum \u00ed kv\u00f6ld a\u00f0 fresta \u00cdslandsm\u00f3ti sk\u00e1kf\u00e9laga og afl\u00fdsa Reykjav\u00edkursk\u00e1km\u00f3tinu. \u00deessi \u00e1kv\u00f6r\u00f0un er tekin vegna \u00fatbrei\u00f0slu Covid-19 veirunnar og me\u00f0 hli\u00f0sj\u00f3n af r\u00e1\u00f0leggingum emb\u00e6ttis landl\u00e6knis \u00cdslands um a\u00f0 skynsamlegast v\u00e6ri a\u00f0 fresta m\u00f3tunum tveimur. Stefnt er a\u00f0 \u00fev\u00ed a\u00f0 halda \u00cdslandsm\u00f3t sk\u00e1kf\u00e9laga \u00ed s\u00ed\u00f0ari hluta ma\u00ed a\u00f0 \u00f3breyttu. \u00d6nnur [&hellip;]<\/p>\n","protected":false},"author":2,"featured_media":1176,"comment_status":"open","ping_status":"open","sticky":false,"template":"","format":"standard","meta":{"footnotes":""},"categories":[1],"tags":[],"class_list":["post-1175","post","type-post","status-publish","format-standard","has-post-thumbnail","hentry","category-frettir"],"jetpack_featured_media_url":"https:\/\/i0.wp.com\/skak.is\/skaksamband\/wp-content\/uploads\/sites\/8\/2020\/03\/Skaksamband-logo_med_frettum.png?fit=%2C&ssl=1","_links":{"self":[{"href":"https:\/\/skak.is\/skaksamband\/wp-json\/wp\/v2\/posts\/1175","targetHints":{"allow":["GET"]}}],"collection":[{"href":"https:\/\/skak.is\/skaksamband\/wp-json\/wp\/v2\/posts"}],"about":[{"href":"https:\/\/skak.is\/skaksamband\/wp-json\/wp\/v2\/types\/post"}],"author":[{"embeddable":true,"href":"https:\/\/skak.is\/skaksamband\/wp-json\/wp\/v2\/users\/2"}],"replies":[{"embeddable":true,"href":"https:\/\/skak.is\/skaksamband\/wp-json\/wp\/v2\/comments?post=1175"}],"version-history":[{"count":0,"href":"https:\/\/skak.is\/skaksamband\/wp-json\/wp\/v2\/posts\/1175\/revisions"}],"wp:featuredmedia":[{"embeddable":true,"href":"https:\/\/skak.is\/skaksamband\/wp-json\/wp\/v2\/media\/1176"}],"wp:attachment":[{"href":"https:\/\/skak.is\/skaksamband\/wp-json\/wp\/v2\/media?parent=1175"}],"wp:term":[{"taxonomy":"category","embeddable":true,"href":"https:\/\/skak.is\/skaksamband\/wp-json\/wp\/v2\/categories?post=1175"},{"taxonomy":"post_tag","embeddable":true,"href":"https:\/\/skak.is\/skaksamband\/wp-json\/wp\/v2\/tags?post=1175"}],"curies":[{"name":"wp","href":"https:\/\/api.w.org\/{rel}","templated":true}]}}