{"id":3448,"date":"2025-05-14T07:27:32","date_gmt":"2025-05-14T07:27:32","guid":{"rendered":"https:\/\/skak.is\/skaksamband\/2025\/05\/14\/upplysingapostur-skaksambands-islands\/"},"modified":"2025-05-15T11:27:18","modified_gmt":"2025-05-15T11:27:18","slug":"upplysingapostur-skaksambands-islands","status":"publish","type":"post","link":"https:\/\/skak.is\/skaksamband\/2025\/05\/14\/upplysingapostur-skaksambands-islands\/","title":{"rendered":"Uppl\u00fdsingap\u00f3stur Sk\u00e1ksambands \u00cdslands"},"content":{"rendered":"<div>Eftirfarandi p\u00f3stur var sendur \u00e1 a\u00f0ildarf\u00e9l\u00f6g Sk\u00e1ksambands \u00cdslands \u00ed g\u00e6r.<\/div>\n<div><\/div>\n<div class=\"x_elementToProof\"><b data-olk-copy-source=\"MessageBody\">Til forsvarsmanna sk\u00e1kf\u00e9laga<\/b><\/div>\n<div class=\"x_elementToProof\">Stj\u00f3rn Sk\u00e1ksambands \u00cdslands (S\u00cd) h\u00e9lt sinn t\u00edunda stj\u00f3rnarfund \u00e1 starfs\u00e1rinu \u00feann 6. ma\u00ed sl.<\/div>\n<div class=\"x_elementToProof\"><b>Fundarger\u00f0ir stj\u00f3rnar- og a\u00f0alfunda<\/b><\/div>\n<div class=\"x_elementToProof\">Fundarger\u00f0ir stj\u00f3rnar- og a\u00f0alfunda S\u00cd m\u00e1 n\u00e1lgast \u00e1 heimas\u00ed\u00f0u sambandsins:<br \/>\n\ud83d\udc49\u00a0<a id=\"OWAfc26d648-2e65-8622-267f-fab5b2680b69\" class=\"x_OWAAutoLink\" title=\"https:\/\/skak.is\/skaksamband\/fundargerdir\/\" href=\"https:\/\/skak.is\/skaksamband\/fundargerdir\/\" data-start=\"352\" data-end=\"438\" data-auth=\"NotApplicable\" data-linkindex=\"0\">https:\/\/skak.is\/skaksamband\/fundargerdir\/<\/a><\/div>\n<hr \/>\n<div class=\"x_elementToProof\"><b>M\u00f3tahald framundan<\/b><\/div>\n<div class=\"x_elementToProof\"><b>a) \u00cdslandsm\u00f3t sk\u00e1kf\u00e9laga 2025-26<\/b><br \/>\nFyrri hluti m\u00f3tsins fer fram dagana <b>13.\u201316. n\u00f3vember 2025<\/b>.<\/div>\n<div class=\"x_elementToProof\"><b>b) \u00cdslandsm\u00f3t sk\u00e1kf\u00e9laga 2025-2026<\/b><br \/>\nStefnt er a\u00f0 \u00fev\u00ed a\u00f0 seinni hlutinn fari fram dagana <b>5.\u20138. mars 2026<\/b>. Endanleg dagsetning b\u00ed\u00f0ur \u00fe\u00f3 eftir sta\u00f0festingu \u00e1 t\u00edmasetningu EM einstaklinga.<\/div>\n<div class=\"x_elementToProof\"><b>c) Reykjav\u00edkursk\u00e1km\u00f3ti\u00f0 2026<\/b><br \/>\nM\u00f3ti\u00f0 fer fram\u00a0<b>25.\u201331. mars 2026<\/b>.<\/div>\n<hr \/>\n<div class=\"x_elementToProof\"><b>A\u00f0alfundur S\u00cd<\/b><\/div>\n<div class=\"x_elementToProof\">A\u00f0alfundur Sk\u00e1ksambands \u00cdslands ver\u00f0ur haldinn\u00a0<b>laugardaginn 14. j\u00fan\u00ed 2025<\/b>\u00a0\u00e1 Bl\u00f6ndu\u00f3si.<br \/>\nFormleg bo\u00f0un ver\u00f0ur send \u00fat me\u00f0 t\u00f6lvup\u00f3sti \u00e1 \u00ed dag <b>14. ma\u00ed<\/b>.<\/div>\n<ul data-start=\"1031\" data-end=\"1301\">\n<li>\n<div><b>Till\u00f6gur um lagabreytingar<\/b>\u00a0skulu berast skrifstofu S\u00cd me\u00f0\u00a0<b>a.m.k. 20 daga fyrirvara<\/b>, \u00fe.e.\u00a0<b>\u00ed s\u00ed\u00f0asta lagi 25. ma\u00ed<\/b>.<\/div>\n<\/li>\n<li>\n<div><b>Frambo\u00f0 til emb\u00e6ttis forseta S\u00cd<\/b>\u00a0skulu berast formanni kj\u00f6rbr\u00e9fanefndar me\u00f0\u00a0<b>a.m.k. 10 daga fyrirvara<\/b>, \u00fe.e.\u00a0<b>\u00ed s\u00ed\u00f0asta lagi 4. j\u00fan\u00ed<\/b>.<\/div>\n<\/li>\n<\/ul>\n<div class=\"x_elementToProof\">L\u00f6g S\u00cd:\u00a0<a id=\"LPlnk378991\" title=\"https:\/\/skak.is\/skaksamband\/um-ssi\/log-skaksambands-islands\/\" href=\"https:\/\/skak.is\/skaksamband\/um-ssi\/log-skaksambands-islands\/\" data-auth=\"NotApplicable\" data-linkindex=\"1\">https:\/\/skak.is\/skaksamband\/um-ssi\/log-skaksambands-islands\/<\/a><\/div>\n<hr \/>\n<div class=\"x_elementToProof\"><b>\u00c1rgj\u00f6ld S\u00cd<\/b><\/div>\n<div class=\"x_elementToProof\">Engar umsagnir hafa borist um n\u00faverandi fyrirkomulag \u00fer\u00e1tt fyrir bei\u00f0ni \u00fear um. Stj\u00f3rn S\u00cd mun \u00fev\u00ed leggja til \u00f3breytt fyrirkomulag, \u00fe.e.\u00a0<b>6.000 kr. \u00e1 virka sk\u00e1kmenn 20 \u00e1ra og eldri<\/b>. F\u00e9l\u00f6g eru \u00fe\u00f3 hv\u00f6tt til a\u00f0 senda inn a\u00f0rar till\u00f6gur ef \u00fe\u00e6r eru fyrir hendi.<\/div>\n<hr \/>\n<div class=\"x_elementToProof\"><b>EM ungmenna 2025<\/b><\/div>\n<div class=\"x_elementToProof\">Sk\u00e1ksambandi\u00f0 hefur stefnt a\u00f0 \u00fe\u00e1ttt\u00f6ku \u00ed\u00a0<b>EM ungmenna<\/b>, sem fram fer \u00ed\u00a0<b>Budva, Svartfjallalandi, 28. okt\u00f3ber \u2013 8. n\u00f3vember 2025<\/b>.<br \/>\n\ud83d\udc49\u00a0<a id=\"OWA096582d8-cf98-d23d-e01b-4a0d6bf5511b\" class=\"x_OWAAutoLink\" title=\"https:\/\/eycc25.me\" href=\"https:\/\/eycc25.me\/\" data-start=\"1758\" data-end=\"1803\" data-auth=\"NotApplicable\" data-linkindex=\"2\">N\u00e1nar: https:\/\/eycc25.me<\/a><\/div>\n<div class=\"x_elementToProof\">17 ungmennum hefur veri\u00f0 bo\u00f0i\u00f0 a\u00f0 keppa fyrir \u00cdslands h\u00f6nd.<\/div>\n<div><\/div>\n<div>Vi\u00f0 val \u00e1 keppendum er stu\u00f0st vi\u00f0 t\u00f6flu h\u00e9r a\u00f0 ne\u00f0an sem unnin er \u00far \u00farslitum EM\/HM ungmenna s\u00ed\u00f0ustu \u00e1r. Mi\u00f0a\u00f0 er vi\u00f0 h\u00e6stu stig keppenda s\u00ed\u00f0ustu 12 m\u00e1nu\u00f0i.<\/div>\n<ul>\n<li><em>Heims: L\u00edklegt a\u00f0 keppandi lendi \u00ed efsta fj\u00f3r\u00f0ungi m\u00f3ts<\/em><\/li>\n<li><em>Afreks: L\u00edklegt a\u00f0 keppandi lendi \u00ed efri helmingi m\u00f3ts<\/em><\/li>\n<li><em>L\u00e1gmark: L\u00edklegt a\u00f0 keppendi lendi ofar en \u00ed ne\u00f0sta fj\u00f3r\u00f0ungi m\u00f3ts<\/em><\/li>\n<\/ul>\n<p><a href=\"https:\/\/skak.is\/skaksamband\/reglur-um-val-keppenda-a-barna-og-unglingaskakmot-erlendis\/\">Regluger\u00f0 um val keppenda<\/a><\/p>\n<div><\/div>\n<div>\n<table dir=\"ltr\" border=\"1\" cellspacing=\"0\" cellpadding=\"0\" data-sheets-root=\"1\" data-sheets-baot=\"1\">\n<colgroup>\n<col width=\"58\" \/>\n<col width=\"64\" \/>\n<col width=\"40\" \/>\n<col width=\"58\" \/>\n<col width=\"64\" \/>\n<col width=\"40\" \/><\/colgroup>\n<tbody>\n<tr>\n<td><strong>Str\u00e1kar<\/strong><\/td>\n<td><\/td>\n<td><strong>Stig<\/strong><\/td>\n<td><strong>Stelpur<\/strong><\/td>\n<td><\/td>\n<td><strong>Stig<\/strong><\/td>\n<\/tr>\n<tr>\n<td>U18<\/td>\n<td>Heims<\/td>\n<td>2350<\/td>\n<td>U18<\/td>\n<td>Heims<\/td>\n<td>2100<\/td>\n<\/tr>\n<tr>\n<td><\/td>\n<td>Afreks<\/td>\n<td>2200<\/td>\n<td><\/td>\n<td>Afreks<\/td>\n<td>1950<\/td>\n<\/tr>\n<tr>\n<td><\/td>\n<td>L\u00e1gmark<\/td>\n<td>2000<\/td>\n<td><\/td>\n<td>L\u00e1gmark<\/td>\n<td>1850<\/td>\n<\/tr>\n<tr>\n<td>U16<\/td>\n<td>Heims<\/td>\n<td>2250<\/td>\n<td>U16<\/td>\n<td>Heims<\/td>\n<td>2000<\/td>\n<\/tr>\n<tr>\n<td><\/td>\n<td>Afreks<\/td>\n<td>2100<\/td>\n<td><\/td>\n<td>Afreks<\/td>\n<td>1850<\/td>\n<\/tr>\n<tr>\n<td><\/td>\n<td>L\u00e1gmark<\/td>\n<td>1950<\/td>\n<td><\/td>\n<td>L\u00e1gmark<\/td>\n<td>1750<\/td>\n<\/tr>\n<tr>\n<td>U14<\/td>\n<td>Heims<\/td>\n<td>2100<\/td>\n<td>U14<\/td>\n<td>Heims<\/td>\n<td>1900<\/td>\n<\/tr>\n<tr>\n<td><\/td>\n<td>Afreks<\/td>\n<td>1950<\/td>\n<td><\/td>\n<td>Afreks<\/td>\n<td>1800<\/td>\n<\/tr>\n<tr>\n<td><\/td>\n<td>L\u00e1gmark<\/td>\n<td>1800<\/td>\n<td><\/td>\n<td>L\u00e1gmark<\/td>\n<td>1650<\/td>\n<\/tr>\n<tr>\n<td>U12<\/td>\n<td>Heims<\/td>\n<td>2000<\/td>\n<td>U12<\/td>\n<td>Heims<\/td>\n<td>1750<\/td>\n<\/tr>\n<tr>\n<td><\/td>\n<td>Afreks<\/td>\n<td>1850<\/td>\n<td><\/td>\n<td>Afreks<\/td>\n<td>1650<\/td>\n<\/tr>\n<tr>\n<td><\/td>\n<td>L\u00e1gmark<\/td>\n<td>1700<\/td>\n<td><\/td>\n<td>L\u00e1gmark<\/td>\n<td>1550<\/td>\n<\/tr>\n<tr>\n<td>U10<\/td>\n<td>Heims<\/td>\n<td>1800<\/td>\n<td>U10<\/td>\n<td>Heims<\/td>\n<td>1650<\/td>\n<\/tr>\n<tr>\n<td><\/td>\n<td>Afreks<\/td>\n<td>1700<\/td>\n<td><\/td>\n<td>Afreks<\/td>\n<td>1550<\/td>\n<\/tr>\n<tr>\n<td><\/td>\n<td>L\u00e1gmark<\/td>\n<td>1550<\/td>\n<td><\/td>\n<td>L\u00e1gmark<\/td>\n<td>1450<\/td>\n<\/tr>\n<tr>\n<td>U8<\/td>\n<td>Heims<\/td>\n<td>1650<\/td>\n<td>U8<\/td>\n<td>Heims<\/td>\n<td>1500<\/td>\n<\/tr>\n<tr>\n<td><\/td>\n<td>Afreks<\/td>\n<td>1550<\/td>\n<td><\/td>\n<td>Afreks<\/td>\n<td>1450<\/td>\n<\/tr>\n<tr>\n<td><\/td>\n<td>L\u00e1gmark<\/td>\n<td>1450<\/td>\n<td><\/td>\n<td>L\u00e1gmark<\/td>\n<td>1400<\/td>\n<\/tr>\n<\/tbody>\n<\/table>\n<\/div>\n<hr \/>\n<div class=\"x_elementToProof\"><b>EM taflf\u00e9laga 2025<\/b><\/div>\n<div class=\"x_elementToProof\"><b>EM taflf\u00e9laga<\/b>\u00a0ver\u00f0ur haldi\u00f0 \u00e1\u00a0<b>R\u00f3dos \u00ed Grikklandi, 18.\u201326. okt\u00f3ber 2025<\/b>.<br \/>\n\ud83d\udc49\u00a0<a id=\"OWA44c99b5b-5036-c297-c70f-dbf66bb54a5d\" class=\"x_OWAAutoLink\" title=\"https:\/\/eccc2025.com\" href=\"https:\/\/eccc2025.com\/\" data-start=\"1984\" data-end=\"2035\" data-auth=\"NotApplicable\" data-linkindex=\"3\">N\u00e1nar: https:\/\/eccc2025.com<\/a><\/div>\n<div class=\"x_elementToProof\">A\u00f0 minnsta kosti sex \u00edslensk sk\u00e1kf\u00e9l\u00f6g geta teki\u00f0 \u00fe\u00e1tt \u00ed opnum flokki. F\u00e9l\u00f6g sem hafa \u00e1huga eru be\u00f0in um a\u00f0 senda t\u00f6lvup\u00f3st \u00e1\u00a0<b>skaksamband@skaksamband.is<\/b>\u00a0<b>\u00ed s\u00ed\u00f0asta lagi 1. j\u00fan\u00ed 2025<\/b>. \u00deau f\u00e9l\u00f6g sem l\u00fdsa yfir \u00e1huga me\u00f0 formlegum h\u00e6tti f\u00e1 forgang ef fleiri en sex f\u00e9l\u00f6g \u00f3ska eftir \u00fe\u00e1ttt\u00f6kur\u00e9tti.<\/div>\n<hr \/>\n<div class=\"x_elementToProof\"><b>Me\u00f0 bestu kve\u00f0ju,<\/b><br \/>\n<b>Stj\u00f3rn Sk\u00e1ksambands \u00cdslands<\/b><\/div>\n<div class=\"x_elementToProof\"><\/div>\n","protected":false},"excerpt":{"rendered":"<p>Eftirfarandi p\u00f3stur var sendur \u00e1 a\u00f0ildarf\u00e9l\u00f6g Sk\u00e1ksambands \u00cdslands \u00ed g\u00e6r. Til forsvarsmanna sk\u00e1kf\u00e9laga Stj\u00f3rn Sk\u00e1ksambands \u00cdslands (S\u00cd) h\u00e9lt sinn t\u00edunda stj\u00f3rnarfund \u00e1 starfs\u00e1rinu \u00feann 6. ma\u00ed sl. Fundarger\u00f0ir stj\u00f3rnar- og a\u00f0alfunda Fundarger\u00f0ir stj\u00f3rnar- og a\u00f0alfunda S\u00cd m\u00e1 n\u00e1lgast \u00e1 heimas\u00ed\u00f0u sambandsins: \ud83d\udc49\u00a0https:\/\/skak.is\/skaksamband\/fundargerdir\/ M\u00f3tahald framundan a) \u00cdslandsm\u00f3t sk\u00e1kf\u00e9laga 2025-26 Fyrri hluti m\u00f3tsins fer fram dagana 13.\u201316. [&hellip;]<\/p>\n","protected":false},"author":2,"featured_media":1176,"comment_status":"open","ping_status":"open","sticky":false,"template":"","format":"standard","meta":{"footnotes":""},"categories":[1],"tags":[],"class_list":["post-3448","post","type-post","status-publish","format-standard","has-post-thumbnail","hentry","category-frettir"],"jetpack_featured_media_url":"https:\/\/i0.wp.com\/skak.is\/skaksamband\/wp-content\/uploads\/sites\/8\/2020\/03\/Skaksamband-logo_med_frettum.png?fit=%2C&ssl=1","_links":{"self":[{"href":"https:\/\/skak.is\/skaksamband\/wp-json\/wp\/v2\/posts\/3448","targetHints":{"allow":["GET"]}}],"collection":[{"href":"https:\/\/skak.is\/skaksamband\/wp-json\/wp\/v2\/posts"}],"about":[{"href":"https:\/\/skak.is\/skaksamband\/wp-json\/wp\/v2\/types\/post"}],"author":[{"embeddable":true,"href":"https:\/\/skak.is\/skaksamband\/wp-json\/wp\/v2\/users\/2"}],"replies":[{"embeddable":true,"href":"https:\/\/skak.is\/skaksamband\/wp-json\/wp\/v2\/comments?post=3448"}],"version-history":[{"count":4,"href":"https:\/\/skak.is\/skaksamband\/wp-json\/wp\/v2\/posts\/3448\/revisions"}],"predecessor-version":[{"id":3453,"href":"https:\/\/skak.is\/skaksamband\/wp-json\/wp\/v2\/posts\/3448\/revisions\/3453"}],"wp:featuredmedia":[{"embeddable":true,"href":"https:\/\/skak.is\/skaksamband\/wp-json\/wp\/v2\/media\/1176"}],"wp:attachment":[{"href":"https:\/\/skak.is\/skaksamband\/wp-json\/wp\/v2\/media?parent=3448"}],"wp:term":[{"taxonomy":"category","embeddable":true,"href":"https:\/\/skak.is\/skaksamband\/wp-json\/wp\/v2\/categories?post=3448"},{"taxonomy":"post_tag","embeddable":true,"href":"https:\/\/skak.is\/skaksamband\/wp-json\/wp\/v2\/tags?post=3448"}],"curies":[{"name":"wp","href":"https:\/\/api.w.org\/{rel}","templated":true}]}}