{"id":3484,"date":"2025-06-30T16:00:22","date_gmt":"2025-06-30T16:00:22","guid":{"rendered":"https:\/\/skak.is\/skaksamband\/?p=3484"},"modified":"2025-06-30T16:00:22","modified_gmt":"2025-06-30T16:00:22","slug":"upplysingapostur-si-ny-stjorn-tekin-vid","status":"publish","type":"post","link":"https:\/\/skak.is\/skaksamband\/2025\/06\/30\/upplysingapostur-si-ny-stjorn-tekin-vid\/","title":{"rendered":"Uppl\u00fdsingap\u00f3stur S\u00cd &#8211; n\u00fd stj\u00f3rn tekin vi\u00f0"},"content":{"rendered":"<div class=\"x_elementToProof\">\n<div>Fyrsti fundar n\u00fdrrar stj\u00f3rnar S\u00cd var haldin 24. j\u00fan\u00ed sl.<\/div>\n<div><\/div>\n<div>Eftirfarandi p\u00f3stur var sendur \u00e1 a\u00f0ildarf\u00e9l\u00f6g Sk\u00e1ksambands \u00cdslands \u00ed fyrradag.<\/div>\n<\/div>\n<div><\/div>\n<div>Fundarger\u00f0ir S\u00cd m\u00e1 finna h\u00e9r: <a href=\"https:\/\/skak.is\/skaksamband\/fundargerdir\/\">https:\/\/skak.is\/skaksamband\/fundargerdir\/<\/a><\/div>\n<div><\/div>\n<div class=\"x_elementToProof\">\n<p>&#8212;&#8212;&#8212;&#8212;&#8211;<\/p>\n<div>\n<p><span data-olk-copy-source=\"MessageBody\">K\u00e6ru formenn taflf\u00e9laga,<\/span><\/p>\n<p>N\u00fd stj\u00f3rn Sk\u00e1ksambands \u00cdslands kom saman til fyrsta fundar starfs\u00e1rsins 2025 til 2026 \u00feann 24. j\u00fan\u00ed sl. H\u00e9r a\u00f0 ne\u00f0an m\u00e1 finna helstu atri\u00f0i sem r\u00e6dd voru og sam\u00feykkt \u00e1 fundinum.<\/p>\n<h2>1. Emb\u00e6ttaskipan og nefndarskipan<\/h2>\n<p>&#8211; Varaforseti: Harald Bj\u00f6rnsson<br \/>\n&#8211; Gjaldkeri: Dav\u00ed\u00f0 Stef\u00e1nsson<br \/>\n&#8211; Ritari: Unnar Ingvarsson<br \/>\n&#8211; Vararitari: T\u00f3mas Tandri J\u00f3hannsson<br \/>\n&#8211; \u00c6skul\u00fd\u00f0sfulltr\u00fai: Da\u00f0i \u00d3marsson<\/p>\n<p>Formenn fastanefnda voru skipa\u00f0ir me\u00f0 einr\u00f3ma sam\u00feykkt:<br \/>\n&#8211; M\u00f3tanefnd og Kvennask\u00e1knefnd: J\u00f3hanna Bj\u00f6rg J\u00f3hannsd\u00f3ttir<br \/>\n&#8211; Landsli\u00f0snefnd: Bj\u00f6rn \u00cdvar Karlsson<br \/>\n&#8211; \u00c6skul\u00fd\u00f0snefnd: Da\u00f0i \u00d3marsson<br \/>\n&#8211; Laganefnd: Harald Bj\u00f6rnsson<\/p>\n<p>&#8211; Sk\u00e1ks\u00f6gunefnd: \u00d3ska\u00f0 var eftir a\u00f0 s\u00fa nefnd yr\u00f0i endurvakin og hefur Gauti P\u00e1ll J\u00f3nsson bo\u00f0ist til a\u00f0 taka formannshlutverk a\u00f0 s\u00e9r. Var \u00fea\u00f0 sam\u00feykkt af stj\u00f3rn.<\/p>\n<p>Unni\u00f0 ver\u00f0ur a\u00f0 \u00fev\u00ed a\u00f0 fullmanna nefndirnar og formenn munu leggja fram till\u00f6gur um me\u00f0nefndarmenn til sta\u00f0festingar.<\/p>\n<h2>2. Framkv\u00e6mdastj\u00f3ri og starfshlutf\u00f6ll<\/h2>\n<p>\u00c1kve\u00f0i\u00f0 a\u00f0 Gunnar Bj\u00f6rnsson haldi \u00e1fram sem framkv\u00e6mdastj\u00f3ri \u00ed 80% starfshlutfalli. Forseti mun gegna starfi \u00ed 20% starfshlutfalli. L\u00f6g\u00f0 var \u00e1hersla \u00e1 a\u00f0 \u00feessi breyting auki ekki kostna\u00f0 sambandsins. Till\u00f6gur a\u00f0 r\u00e1\u00f0ningarsamningum og starfsl\u00fdsingu ver\u00f0a unnar \u00ed samstarfi vi\u00f0 kjaranefnd.<\/p>\n<h2>3. Starfsreglur stj\u00f3rnar<\/h2>\n<p>N\u00fdjar starfsreglur stj\u00f3rnar voru sam\u00feykktar, er \u00feeim \u00e6tla\u00f0 a\u00f0 sk\u00fdra hlutverk og verkaskiptingu stj\u00f3rnar.<\/p>\n<h2>4. Reikningsskil og b\u00f3khald<\/h2>\n<p>Sko\u00f0unarmenn reikninga ger\u00f0u grein fyrir greinarger\u00f0 sinni. Athugasemdir beindust m.a. a\u00f0 kvittunum, sk\u00fdringum og sk\u00fdrslugj\u00f6f. Unni\u00f0 ver\u00f0ur a\u00f0 \u00farb\u00f3tum \u00ed b\u00f3khaldi og verklagi \u00ed samr\u00e6mi vi\u00f0 till\u00f6gur sko\u00f0unarmanna.<\/p>\n<h2>5. M\u00f3tam\u00e1l og styrkums\u00f3knir<\/h2>\n<p>Ungmennam\u00f3ti\u00f0 EM fer fram \u00ed haust. Bo\u00f0sbr\u00e9f hafa \u00feegar veri\u00f0 send til keppenda.<br \/>\nSam\u00feykktir voru styrkir til keppenda sem n\u00fdlega f\u00f3ru yfir 2100 og 2200 stig, og uppfylla \u00fev\u00ed styrktarreglur um stu\u00f0ning vi\u00f0 keppendur \u00e1 Evr\u00f3pum\u00f3ti barna og ungmenna.<br \/>\nRegluger\u00f0 um styrki tekin til endursko\u00f0unar, me\u00f0 \u00e1herslu \u00e1 sk\u00fdrleika og hlutverk \u00e6skul\u00fd\u00f0snefndar \u00ed \u00e1kvar\u00f0anat\u00f6ku.<\/p>\n<h2>6. \u00d6nnur sam\u00feykkt styrkbei\u00f0ni<\/h2>\n<p>Sam\u00feykktur styrkur til Gu\u00f0mundar Kjartanssonar vegna FIDE \u00fej\u00e1lfaran\u00e1mskei\u00f0s (250 evrur alls).<\/p>\n<h2>7. \u00d6nnur m\u00e1l<\/h2>\n<p>&#8211; Forseti fer \u00e1 fund me\u00f0 Raf\u00ed\u00fer\u00f3ttasambandinu um \u00e1framhald netsk\u00e1km\u00f3ta.<br \/>\n&#8211; Sko\u00f0a\u00f0 ver\u00f0ur hvernig merkja megi inngang Sk\u00e1ksambandsins og Sk\u00e1ksk\u00f3lans.<br \/>\n&#8211; R\u00e6tt var um a\u00f0 a\u00f0greina fj\u00e1rm\u00e1l Sk\u00e1ksk\u00f3lans og S\u00cd.<br \/>\n&#8211; Vinna hafin vi\u00f0 a\u00f0 finna n\u00fdjan fulltr\u00faa \u00ed stj\u00f3rn Sk\u00e1ksk\u00f3lans. Hugmynd komi\u00f0 fram um sameiningu \u00c6skul\u00fd\u00f0snefndar og stj\u00f3rnar Sk\u00e1ksk\u00f3lans.<\/p>\n<p>Ef \u00fei\u00f0 hafi\u00f0 spurningar e\u00f0a vilji\u00f0 koma \u00e1 framf\u00e6ri athugasemdum, hugmyndum e\u00f0a erindum til stj\u00f3rnar, \u00fe\u00e1 hvetjum vi\u00f0 ykkur eindregi\u00f0 til a\u00f0 hafa samband.<\/p>\n<p>Me\u00f0 bestu kve\u00f0ju,<br \/>\nJ\u00f3hanna Bj\u00f6rg J\u00f3hannsd\u00f3ttir<\/p>\n<p class=\"x_elementtoproof\">\n<\/div>\n<\/div>\n","protected":false},"excerpt":{"rendered":"<p>Fyrsti fundar n\u00fdrrar stj\u00f3rnar S\u00cd var haldin 24. j\u00fan\u00ed sl. Eftirfarandi p\u00f3stur var sendur \u00e1 a\u00f0ildarf\u00e9l\u00f6g Sk\u00e1ksambands \u00cdslands \u00ed fyrradag. Fundarger\u00f0ir S\u00cd m\u00e1 finna h\u00e9r: https:\/\/skak.is\/skaksamband\/fundargerdir\/ &#8212;&#8212;&#8212;&#8212;&#8211; K\u00e6ru formenn taflf\u00e9laga, N\u00fd stj\u00f3rn Sk\u00e1ksambands \u00cdslands kom saman til fyrsta fundar starfs\u00e1rsins 2025 til 2026 \u00feann 24. j\u00fan\u00ed sl. H\u00e9r a\u00f0 ne\u00f0an m\u00e1 finna helstu atri\u00f0i sem [&hellip;]<\/p>\n","protected":false},"author":2,"featured_media":1176,"comment_status":"open","ping_status":"open","sticky":false,"template":"","format":"standard","meta":{"footnotes":""},"categories":[1],"tags":[],"class_list":["post-3484","post","type-post","status-publish","format-standard","has-post-thumbnail","hentry","category-frettir"],"jetpack_featured_media_url":"https:\/\/i0.wp.com\/skak.is\/skaksamband\/wp-content\/uploads\/sites\/8\/2020\/03\/Skaksamband-logo_med_frettum.png?fit=%2C&ssl=1","_links":{"self":[{"href":"https:\/\/skak.is\/skaksamband\/wp-json\/wp\/v2\/posts\/3484","targetHints":{"allow":["GET"]}}],"collection":[{"href":"https:\/\/skak.is\/skaksamband\/wp-json\/wp\/v2\/posts"}],"about":[{"href":"https:\/\/skak.is\/skaksamband\/wp-json\/wp\/v2\/types\/post"}],"author":[{"embeddable":true,"href":"https:\/\/skak.is\/skaksamband\/wp-json\/wp\/v2\/users\/2"}],"replies":[{"embeddable":true,"href":"https:\/\/skak.is\/skaksamband\/wp-json\/wp\/v2\/comments?post=3484"}],"version-history":[{"count":1,"href":"https:\/\/skak.is\/skaksamband\/wp-json\/wp\/v2\/posts\/3484\/revisions"}],"predecessor-version":[{"id":3485,"href":"https:\/\/skak.is\/skaksamband\/wp-json\/wp\/v2\/posts\/3484\/revisions\/3485"}],"wp:featuredmedia":[{"embeddable":true,"href":"https:\/\/skak.is\/skaksamband\/wp-json\/wp\/v2\/media\/1176"}],"wp:attachment":[{"href":"https:\/\/skak.is\/skaksamband\/wp-json\/wp\/v2\/media?parent=3484"}],"wp:term":[{"taxonomy":"category","embeddable":true,"href":"https:\/\/skak.is\/skaksamband\/wp-json\/wp\/v2\/categories?post=3484"},{"taxonomy":"post_tag","embeddable":true,"href":"https:\/\/skak.is\/skaksamband\/wp-json\/wp\/v2\/tags?post=3484"}],"curies":[{"name":"wp","href":"https:\/\/api.w.org\/{rel}","templated":true}]}}