{"id":3529,"date":"2025-08-26T10:19:30","date_gmt":"2025-08-26T10:19:30","guid":{"rendered":"https:\/\/skak.is\/skaksamband\/2025\/08\/26\/motaaaetlun-si-starfsarid-2025-26\/"},"modified":"2025-08-26T10:28:23","modified_gmt":"2025-08-26T10:28:23","slug":"motaaaetlun-si-starfsarid-2025-26","status":"publish","type":"post","link":"https:\/\/skak.is\/skaksamband\/2025\/08\/26\/motaaaetlun-si-starfsarid-2025-26\/","title":{"rendered":"M\u00f3ta\u00e1\u00e6tlun S\u00cd starfs\u00e1ri\u00f0 2025-26"},"content":{"rendered":"<p>M\u00f3ta\u00e1\u00e6tlun S\u00cd fyrir starfs\u00e1ri\u00f0 2025-26 liggur n\u00fa fyrir. R\u00e9tt er a\u00f0 \u00e1r\u00e9tta a\u00f0 um er a\u00f0 r\u00e6\u00f0a \u00e1\u00e6tlun sem getur teki\u00f0 breytingum. S\u00e9r \u00ed lagi \u00fea\u00f0 sem lengra er fr\u00e1 \u00ed t\u00edma.<\/p>\n<p>Dagskr\u00e1 S\u00cd innanlands starfs\u00e1ri\u00f0 2025-26 er \u00e1\u00e6tlu\u00f0 sem h\u00e9r segir:<\/p>\n<ul>\n<li><a href=\"https:\/\/www.fiba.basketball\/en\/events\/fiba-eurobasket-2025\/games\/122978-POL-ISL\">\u00cdslandsm\u00f3t \u00ed netsk\u00e1k (undanr\u00e1sir) 27. \u00e1g\u00fast<\/a><\/li>\n<li>\u00cdslandsm\u00f3ti\u00f0 \u00ed netsk\u00e1k (\u00farslit) 7. sep. &#8211; 30. n\u00f3v (flesta sunnudaga \u00e1 S\u00edminn Sport)<\/li>\n<li>\u00cdslandsm\u00f3t sk\u00e1kf\u00e9laga (13.-16. n\u00f3vember &#8211; sta\u00f0fest)<\/li>\n<li>\u00cdslandsm\u00f3t ungmenna u8-u16 (29. n\u00f3vember)<\/li>\n<li>\u00cdslandsm\u00f3t barna- og unglingasveita (30. n\u00f3vember)<\/li>\n<li>Fri\u00f0riksm\u00f3t Landsbankans &#8211; \u00cdslandsm\u00f3ti\u00f0 \u00ed hra\u00f0sk\u00e1k (6. desember)<\/li>\n<li>\u00cdslandsm\u00f3t kvenna \u00ed hra\u00f0sk\u00e1k (27. desember)<\/li>\n<li>\u00cdslandsm\u00f3t st\u00falknasveita (25. jan\u00faar)<\/li>\n<li>Sk\u00e1kdagurinn (26. jan\u00faar)<\/li>\n<li>\u00cdslandsm\u00f3t kvenna (stefnt \u00e1 dagsetningarbili\u00f0 7.-15. febr\u00faar)<\/li>\n<li>\u00cdslandsm\u00f3t sk\u00e1kf\u00e9laga (5.-8. mars &#8211; sta\u00f0fest)<\/li>\n<li>\u00cdslandsm\u00f3t barnask\u00f3lasveita, 1.-3. bekkur (14. mars)<\/li>\n<li>Reykjav\u00edkursk\u00e1km\u00f3ti\u00f0 (25.-31. mars &#8211; sta\u00f0fest)<\/li>\n<li>\u00cdslandsm\u00f3t sk\u00f3lasveita (18.-19. apr\u00edl)<\/li>\n<li>Sk\u00e1k\u00feing \u00cdslands &#8211; landsli\u00f0sflokkur (stefnt \u00e1 dagsetningarbili\u00f0 30. apr\u00edl &#8211; 17. ma\u00ed)<\/li>\n<li>Landsm\u00f3ti\u00f0 \u00ed sk\u00f3lask\u00e1k \u00ed \u00d3lafsv\u00edk (1.-3. ma\u00ed)<\/li>\n<li>A\u00f0alfundur S\u00cd (30. ma\u00ed)<\/li>\n<\/ul>\n<p>\u00dearna vantar inn \u00ed m\u00f3ta\u00e1\u00e6tlunina \u00cdslandsm\u00f3ti\u00f0 \u00ed atsk\u00e1k 2025 og \u00e1skorendaflokk Sk\u00e1k\u00feings \u00cdslands 2026. \u00c1kv\u00f6r\u00f0un um s\u00ed\u00f0arnefnda m\u00f3ti\u00f0 ver\u00f0ur tekin eftir a\u00f0 dagsetningar og fyrirkomulag landsli\u00f0sflokk 2026 liggur fyrir <strong>Enn er \u00edtreka\u00f0 a\u00f0 um er a\u00f0 r\u00e6\u00f0a \u00e1\u00e6tlun.\u00a0<\/strong><\/p>\n<p>Athugasemdum m\u00e1 koma \u00ed netfangi\u00f0 <a href=\"mailto:skaksamband@skaksamband.is\">skaksamband@skaksamband.is<\/a>. Einnig er \u00e1r\u00e9tta\u00f0 a\u00f0 f\u00e9l\u00f6g geta skr\u00e1\u00f0 eigin m\u00f3t \u00e1 m\u00f3ta\u00e1\u00e6tlun \u00e1 skak.is.<\/p>\n<ul>\n<li><a href=\"https:\/\/skak.is\/motaaaetlun\/tag_ids~74,60,76,73,75,71,96,84,67\/\">M\u00f3ta\u00e1\u00e6tlun \u00e1 skak.is<\/a><\/li>\n<li><a href=\"https:\/\/skak.is\/wp-content\/uploads\/2025\/08\/Motaaaetlun-2025-26-birt-2025-08-26.xlsx\">M\u00f3ta\u00e1\u00e6tlun-2025-26 (excel) &#8211; birt 2025-08-26<\/a><\/li>\n<\/ul>\n","protected":false},"excerpt":{"rendered":"<p>M\u00f3ta\u00e1\u00e6tlun S\u00cd fyrir starfs\u00e1ri\u00f0 2025-26 liggur n\u00fa fyrir. R\u00e9tt er a\u00f0 \u00e1r\u00e9tta a\u00f0 um er a\u00f0 r\u00e6\u00f0a \u00e1\u00e6tlun sem getur teki\u00f0 breytingum. S\u00e9r \u00ed lagi \u00fea\u00f0 sem lengra er fr\u00e1 \u00ed t\u00edma. Dagskr\u00e1 S\u00cd innanlands starfs\u00e1ri\u00f0 2025-26 er \u00e1\u00e6tlu\u00f0 sem h\u00e9r segir: \u00cdslandsm\u00f3t \u00ed netsk\u00e1k (undanr\u00e1sir) 27. \u00e1g\u00fast \u00cdslandsm\u00f3ti\u00f0 \u00ed netsk\u00e1k (\u00farslit) 7. sep. &#8211; [&hellip;]<\/p>\n","protected":false},"author":2,"featured_media":1176,"comment_status":"open","ping_status":"open","sticky":false,"template":"","format":"standard","meta":{"footnotes":""},"categories":[1],"tags":[],"class_list":["post-3529","post","type-post","status-publish","format-standard","has-post-thumbnail","hentry","category-frettir"],"jetpack_featured_media_url":"https:\/\/i0.wp.com\/skak.is\/skaksamband\/wp-content\/uploads\/sites\/8\/2020\/03\/Skaksamband-logo_med_frettum.png?fit=%2C&ssl=1","_links":{"self":[{"href":"https:\/\/skak.is\/skaksamband\/wp-json\/wp\/v2\/posts\/3529","targetHints":{"allow":["GET"]}}],"collection":[{"href":"https:\/\/skak.is\/skaksamband\/wp-json\/wp\/v2\/posts"}],"about":[{"href":"https:\/\/skak.is\/skaksamband\/wp-json\/wp\/v2\/types\/post"}],"author":[{"embeddable":true,"href":"https:\/\/skak.is\/skaksamband\/wp-json\/wp\/v2\/users\/2"}],"replies":[{"embeddable":true,"href":"https:\/\/skak.is\/skaksamband\/wp-json\/wp\/v2\/comments?post=3529"}],"version-history":[{"count":2,"href":"https:\/\/skak.is\/skaksamband\/wp-json\/wp\/v2\/posts\/3529\/revisions"}],"predecessor-version":[{"id":3531,"href":"https:\/\/skak.is\/skaksamband\/wp-json\/wp\/v2\/posts\/3529\/revisions\/3531"}],"wp:featuredmedia":[{"embeddable":true,"href":"https:\/\/skak.is\/skaksamband\/wp-json\/wp\/v2\/media\/1176"}],"wp:attachment":[{"href":"https:\/\/skak.is\/skaksamband\/wp-json\/wp\/v2\/media?parent=3529"}],"wp:term":[{"taxonomy":"category","embeddable":true,"href":"https:\/\/skak.is\/skaksamband\/wp-json\/wp\/v2\/categories?post=3529"},{"taxonomy":"post_tag","embeddable":true,"href":"https:\/\/skak.is\/skaksamband\/wp-json\/wp\/v2\/tags?post=3529"}],"curies":[{"name":"wp","href":"https:\/\/api.w.org\/{rel}","templated":true}]}}