{"id":3562,"date":"2025-11-28T08:01:29","date_gmt":"2025-11-09T11:57:29","guid":{"rendered":"https:\/\/skak.is\/skaksamband\/2025\/11\/09\/islandsmot-ungmenna-u8-u16-fer-fram-29-november-2\/"},"modified":"2025-11-28T08:02:32","modified_gmt":"2025-11-28T08:02:32","slug":"islandsmot-ungmenna-u8-u16-fer-fram-29-november-2","status":"publish","type":"post","link":"https:\/\/skak.is\/skaksamband\/2025\/11\/28\/islandsmot-ungmenna-u8-u16-fer-fram-29-november-2\/","title":{"rendered":"\u00cdslandsm\u00f3t ungmenna (u8-u16) fer fram \u00e1 morgun &#8211; skr\u00e1ning lokar kl. 13 \u00ed dag"},"content":{"rendered":"<p>\u00cdslandsm\u00f3t ungmenna (u8-u16) fer fram laugardaginn 29. n\u00f3vember \u00ed hinu gl\u00e6silega \u00ed\u00fer\u00f3ttah\u00fasi Mi\u00f0gar\u00f0i \u00ed Gar\u00f0ab\u00e6.<\/p>\n<p>M\u00f3ti\u00f0 hefst\u00a0<strong>kl. 13\u00a0<\/strong>\u00a0og er teflt \u00ed fimm aldursflokkum. Keppendur skulu m\u00e6ta eigi s\u00ed\u00f0ar en\u00a0<strong>kl. 12:40<\/strong>\u00a0og sta\u00f0festa m\u00e6tingu. Kr\u00fdndir ver\u00f0a 10 \u00cdslandsmeistarar \u2013 efsti str\u00e1kur og efsta stelpa\u00a0\u00ed \u00f6llum\u00a0flokkunum fimm.<\/p>\n<p>Afar g\u00f3\u00f0 ver\u00f0laun ver\u00f0a \u00ed bo\u00f0i. Allir \u00cdslandsmeistararnir f\u00e1 fr\u00ed \u00fe\u00e1ttt\u00f6kugj\u00f6ld \u00e1 Reykjav\u00edkursk\u00e1km\u00f3ti\u00f0 2026 sem fram fer \u00ed H\u00f6rpu 25.-31. mars.<\/p>\n<p><a href=\"https:\/\/www.abler.io\/shop\/skaksambandisla\/1\/product\/Q2x1YlNlcnZpY2U6NDc2NTA=?\">Skr\u00e1ning og grei\u00f0sla fer fram \u00e1 Abler<\/a><\/p>\n<p><strong>8 \u00e1ra og yngri (f. 2017 og s\u00ed\u00f0ar)<\/strong><\/p>\n<p>Tefldar ver\u00f0a sj\u00f6 umfer\u00f0ir. Umhugsunart\u00edmi: 7 + 3 m\u00edn\u00fatur.<\/p>\n<p><a href=\"https:\/\/s3.chess-results.com\/tnr1291604.aspx?lan=1&amp;art=0&amp;turdet=YES&amp;SNode=S0\">\u00deegar skr\u00e1\u00f0ir keppendur (uppf\u00e6rist daglega)<\/a><\/p>\n<p><strong>9-10 \u00e1ra (f. 2015 og 2016)<\/strong><\/p>\n<p>Tefldar ver\u00f0a sj\u00f6 umfer\u00f0ir. Umhugsunart\u00edmi: 7 + 3 m\u00edn\u00fatur.<\/p>\n<p><a href=\"https:\/\/s3.chess-results.com\/tnr1291609.aspx?lan=1&amp;art=0&amp;turdet=YES&amp;SNode=S0\">\u00deegar skr\u00e1\u00f0ir keppendur (uppf\u00e6rist daglega)<\/a><\/p>\n<p><strong>11\u201312 \u00e1ra (f. 2013 og 2014)<\/strong><\/p>\n<p>Tefldar ver\u00f0a 7 umfer\u00f0ir me\u00f0 umhugsunart\u00edmanum 10 + 2.<\/p>\n<p><a href=\"https:\/\/s1.chess-results.com\/tnr1291610.aspx?lan=1&amp;art=0&amp;turdet=YES&amp;SNode=S0\">\u00deegar skr\u00e1\u00f0ir keppendur (uppf\u00e6rist daglega)<\/a><\/p>\n<p><strong>13\u201314 \u00e1ra (f. 2011 og 2012)<\/strong><\/p>\n<p>Tefldar ver\u00f0a 7 umfer\u00f0ir me\u00f0 umhugsunart\u00edmanum 10 + 5.<\/p>\n<p><a href=\"https:\/\/s2.chess-results.com\/tnr1291612.aspx?lan=1&amp;art=0&amp;turdet=YES&amp;SNode=S0\">\u00deegar skr\u00e1\u00f0ir keppendur (uppf\u00e6rist daglega)<\/a><\/p>\n<p><strong>15\u201316 \u00e1ra (f. 2009 og 2010)<\/strong><\/p>\n<p>Tefldar ver\u00f0a 7 umfer\u00f0ir me\u00f0 umhugsunart\u00edmanum 10 + 5.<strong>\u00a0<\/strong><\/p>\n<p><a href=\"https:\/\/s3.chess-results.com\/tnr1291615.aspx?lan=1&amp;art=0&amp;turdet=YES&amp;SNode=S0\">\u00deegar skr\u00e1\u00f0ir keppendur (uppf\u00e6rist daglega)<\/a><\/p>\n<p><strong>Skr\u00e1ning og grei\u00f0sla \u00fe\u00e1ttt\u00f6kugjalda\u00a0<\/strong><\/p>\n<p><u><a href=\"https:\/\/www.abler.io\/shop\/skaksambandisla\/1\/product\/Q2x1YlNlcnZpY2U6NDc2NTA=?\">Sportabler \u2013 skr\u00e1ning uppf\u00e6rist daglega \u00e1 Chess-Results<\/a><\/u><\/p>\n<p>Skr\u00e1ningafrestur rennur \u00fat\u00a0<strong>f\u00f6studaginn, 28. n\u00f3vember kl. 13<\/strong><\/p>\n<p>Me\u00f0 skr\u00e1ningu sinni sta\u00f0festa keppendur a\u00f0 \u00feeir leyfi myndat\u00f6kur og birtingu mynda fr\u00e1 m\u00f3tinu \u00e1 skak.is og \u00e1 samf\u00e9lagsmi\u00f0lum sambandsins.<\/p>\n<p><strong>Ver\u00f0laun<\/strong><\/p>\n<p>Ver\u00f0i tveir e\u00f0a fleiri keppendur jafnir \u00ed ver\u00f0launas\u00e6tum gilda oddastig. \u00de\u00f3 skal tefld aukakeppni um \u00cdslandsmeistaratitla \u00ed \u00feremur elstu aldursflokknum.<\/p>\n<p>Ver\u00f0launaafhending fer fram a\u00f0 keppni lokinni \u00ed hverjum flokki.<\/p>\n<p>Allir \u00cdslandsmeistarar fr\u00e1 fr\u00ed \u00fe\u00e1ttt\u00f6kugj\u00f6ld \u00e1 Reykjav\u00edkursk\u00e1km\u00f3ti\u00f0 2026<\/p>\n<p>\u00der\u00edr efstu \u00ed \u00f6llum flokkum f\u00e1 ver\u00f0launabikar.<\/p>\n<p>Auk \u00feess ver\u00f0a ver\u00f0laung fr\u00e1 Heimilst\u00e6kjum.<\/p>\n<p>Allir keppendur ver\u00f0a leystir \u00fat me\u00f0 sm\u00e1 gla\u00f0ningi.<\/p>\n<p>\u00de\u00e1ttt\u00f6kugj\u00f6ld eru kr. 2.000 kr. Systkinaafsl\u00e1ttur er 25%.<\/p>\n<p><em>M\u00f3ti\u00f0 ver\u00f0ur reikna\u00f0 til al\u00fej\u00f3\u00f0legra atsk\u00e1k- e\u00f0a hra\u00f0sk\u00e1kstiga eftir \u00fev\u00ed sem vi\u00f0 \u00e1.<\/em><\/p>\n<p><strong><em>N\u00e1nar um oddastig<\/em><\/strong><\/p>\n<p><em>Allir vi\u00f0 alla: 1. Sonneborn-Berger, 2. Innbyr\u00f0is \u00farslit, 3. Fj\u00f6ldi sigra 4. Hlutkesti<\/em><\/p>\n<p><em>Opnir flokkar: 1. Buchols (-1), 2. Buchols, 3. Innbyr\u00f0is \u00farslit, 4. Sonneborn-Berger 5. Fj\u00f6ldi vinningssk\u00e1ka 6. hlutkesti<\/em><\/p>\n<p>&nbsp;<\/p>\n","protected":false},"excerpt":{"rendered":"<p>\u00cdslandsm\u00f3t ungmenna (u8-u16) fer fram laugardaginn 29. n\u00f3vember \u00ed hinu gl\u00e6silega \u00ed\u00fer\u00f3ttah\u00fasi Mi\u00f0gar\u00f0i \u00ed Gar\u00f0ab\u00e6. M\u00f3ti\u00f0 hefst\u00a0kl. 13\u00a0\u00a0og er teflt \u00ed fimm aldursflokkum. Keppendur skulu m\u00e6ta eigi s\u00ed\u00f0ar en\u00a0kl. 12:40\u00a0og sta\u00f0festa m\u00e6tingu. Kr\u00fdndir ver\u00f0a 10 \u00cdslandsmeistarar \u2013 efsti str\u00e1kur og efsta stelpa\u00a0\u00ed \u00f6llum\u00a0flokkunum fimm. Afar g\u00f3\u00f0 ver\u00f0laun ver\u00f0a \u00ed bo\u00f0i. Allir \u00cdslandsmeistararnir f\u00e1 fr\u00ed \u00fe\u00e1ttt\u00f6kugj\u00f6ld [&hellip;]<\/p>\n","protected":false},"author":2,"featured_media":3563,"comment_status":"open","ping_status":"open","sticky":false,"template":"","format":"standard","meta":{"footnotes":""},"categories":[1],"tags":[],"class_list":["post-3562","post","type-post","status-publish","format-standard","has-post-thumbnail","hentry","category-frettir"],"jetpack_featured_media_url":"https:\/\/i0.wp.com\/skak.is\/skaksamband\/wp-content\/uploads\/sites\/8\/2025\/11\/Midgardur.jpg?fit=1503%2C1080&ssl=1","_links":{"self":[{"href":"https:\/\/skak.is\/skaksamband\/wp-json\/wp\/v2\/posts\/3562","targetHints":{"allow":["GET"]}}],"collection":[{"href":"https:\/\/skak.is\/skaksamband\/wp-json\/wp\/v2\/posts"}],"about":[{"href":"https:\/\/skak.is\/skaksamband\/wp-json\/wp\/v2\/types\/post"}],"author":[{"embeddable":true,"href":"https:\/\/skak.is\/skaksamband\/wp-json\/wp\/v2\/users\/2"}],"replies":[{"embeddable":true,"href":"https:\/\/skak.is\/skaksamband\/wp-json\/wp\/v2\/comments?post=3562"}],"version-history":[{"count":9,"href":"https:\/\/skak.is\/skaksamband\/wp-json\/wp\/v2\/posts\/3562\/revisions"}],"predecessor-version":[{"id":3574,"href":"https:\/\/skak.is\/skaksamband\/wp-json\/wp\/v2\/posts\/3562\/revisions\/3574"}],"wp:featuredmedia":[{"embeddable":true,"href":"https:\/\/skak.is\/skaksamband\/wp-json\/wp\/v2\/media\/3563"}],"wp:attachment":[{"href":"https:\/\/skak.is\/skaksamband\/wp-json\/wp\/v2\/media?parent=3562"}],"wp:term":[{"taxonomy":"category","embeddable":true,"href":"https:\/\/skak.is\/skaksamband\/wp-json\/wp\/v2\/categories?post=3562"},{"taxonomy":"post_tag","embeddable":true,"href":"https:\/\/skak.is\/skaksamband\/wp-json\/wp\/v2\/tags?post=3562"}],"curies":[{"name":"wp","href":"https:\/\/api.w.org\/{rel}","templated":true}]}}