{"id":3618,"date":"2026-01-22T07:38:19","date_gmt":"2026-01-07T17:39:19","guid":{"rendered":"https:\/\/skak.is\/skaksamband\/2026\/01\/07\/islandsmot-grunnskolasveita-stulknaflokkar-fara-fram-24-januar\/"},"modified":"2026-01-22T07:38:17","modified_gmt":"2026-01-22T07:38:17","slug":"islandsmot-grunnskolasveita-stulknaflokkar-fara-fram-24-januar","status":"publish","type":"post","link":"https:\/\/skak.is\/skaksamband\/2026\/01\/22\/islandsmot-grunnskolasveita-stulknaflokkar-fara-fram-24-januar\/","title":{"rendered":"\u00cdslandsm\u00f3t grunnsk\u00f3lasveita \u2013 st\u00falknaflokkar fara fram \u00e1 laugardaginn"},"content":{"rendered":"<p><b>\u00cdslandsm\u00f3t grunnsk\u00f3lasveita \u2013 st\u00falknaflokkar<\/b><span style=\"font-weight: 400;\"> fara \u00ed sk\u00e1kh\u00f6llinni \u00ed Faxafeni 12, <\/span><b>laugardaginn 24. jan\u00faar. <\/b><span style=\"font-weight: 400;\">\u00a0<\/span><\/p>\n<p><span style=\"font-weight: 400;\">Teflt ver\u00f0ur \u00ed \u00feremur flokkum. Taflmennska hefst kl. 13:00 og er teflt \u00ed \u00f6llum flokkum samt\u00edmis.<\/span><b>\u00a0<\/b><\/p>\n<p><b>Fyrsti og annar bekkur<\/b><\/p>\n<p><span style=\"font-weight: 400;\">Fimm umfer\u00f0ir me\u00f0 t\u00edmam\u00f6rkunum 4+2.<\/span><b>\u00a0<\/b><\/p>\n<p><b>\u00deri\u00f0ji til fimmti bekkur<\/b><\/p>\n<p><span style=\"font-weight: 400;\">Sex umfer\u00f0ir me\u00f0 t\u00edmam\u00f6rkunum 6+2.<\/span><b>\u00a0<\/b><\/p>\n<p><b>Sj\u00f6tti til t\u00edundi bekkur<\/b><\/p>\n<p><span style=\"font-weight: 400;\">Sex umfer\u00f0ir me\u00f0 umhugsunart\u00edmanum 8+2\u00a0<\/span><\/p>\n<p><span style=\"font-weight: 400;\">Umfer\u00f0afj\u00f6ldi getur breyst me\u00f0 tilliti til fj\u00f6lda \u00fe\u00e1ttt\u00f6kusveita. Keppendur geta teflt upp fyrir sig, \u00fe.e. me\u00f0 eldri sveit s\u00edns sk\u00f3la, en \u00fe\u00e1 ekki me\u00f0 annarri sveit. \u00cd hverri sveit skulu vera <\/span><b>\u00ferj\u00fa<\/b><span style=\"font-weight: 400;\"> bor\u00f0 og varamenn mega vera allt a\u00f0 \u00fer\u00edr. Engin takm\u00f6rk eru \u00e1 fj\u00f6lda sveita fr\u00e1 hverjum sk\u00f3la.\u00a0<\/span><\/p>\n<p><span style=\"font-weight: 400;\">Auk ver\u00f0launa til \u00feriggja efstu sveitanna \u00ed hverjum flokki, \u00fe\u00e1 ver\u00f0a veitt ver\u00f0laun til efstu b-sveitarinnar \u00ed hverjum flokki og efstu c\/d\/e sveitarinnar. Og a\u00f0 lokum ver\u00f0a veitt ver\u00f0laun til efstu landsbygg\u00f0arsveitarinnar \u00ed hverjum flokki.\u00a0<\/span><\/p>\n<p><span style=\"font-weight: 400;\">\u00de\u00e1ttt\u00f6kugjald \u00e1 hverja sveit er 9.000 kr,\u00a0 en a\u00f0 h\u00e1marki 18.000 kr. \u00e1 hvern sk\u00f3la.\u00a0 Fr\u00edtt fyrir landsbygg\u00f0arsveitir.\u00a0<\/span><\/p>\n<p><span style=\"font-weight: 400;\">Skr\u00e1ningu l\u00fdkur <\/span><b>kl. 13, f\u00f6studaginn, 23. jan\u00faar<\/b><\/p>\n<p><span style=\"font-weight: 400;\">Veitingar\u00fej\u00f3nusta ver\u00f0ur til sta\u00f0ar \u00e1 sk\u00e1ksta\u00f0.<\/span><\/p>\n<p><a href=\"https:\/\/skak.is\/skaksamband\/2025\/01\/29\/rima-og-hvaleyrarskolar-islandsmeistarar-stulknasveita\/\">Fr\u00e9tt um m\u00f3ti\u00f0 \u00ed fyrra<\/a><\/p>\n<ul>\n<li><span style=\"font-weight: 400;\"> \u00a0 <\/span> <a href=\"https:\/\/forms.gle\/JkfD2ViNTdB6Npf7A\"><span style=\"font-weight: 400;\">Skr\u00e1ningarform<\/span><\/a><\/li>\n<li><span style=\"font-weight: 400;\"> \u00a0 <\/span> <a href=\"https:\/\/docs.google.com\/spreadsheets\/d\/1GrZ8fgv50FE5ZG7RuIlTqj6LM51nRBfcImnMo0tKpvQ\/edit?resourcekey=&amp;gid=1480774256#gid=1480774256\"><span style=\"font-weight: 400;\">\u00deegar skr\u00e1\u00f0ar sveitir<\/span><\/a><\/li>\n<li><span style=\"font-weight: 400;\"> \u00a0 <\/span> <a href=\"https:\/\/docs.google.com\/document\/d\/19s41kmmUq4jOKB8U3VAUhQcX1g3I6WUd8TORjb7cpng\/edit?usp=sharing\"><span style=\"font-weight: 400;\">Regluger\u00f0 um \u00cdslandsm\u00f3t st\u00falknasveita \u00ed sk\u00e1k<\/span><\/a><\/li>\n<\/ul>\n<p>&nbsp;<\/p>\n","protected":false},"excerpt":{"rendered":"<p>\u00cdslandsm\u00f3t grunnsk\u00f3lasveita \u2013 st\u00falknaflokkar fara \u00ed sk\u00e1kh\u00f6llinni \u00ed Faxafeni 12, laugardaginn 24. jan\u00faar. \u00a0 Teflt ver\u00f0ur \u00ed \u00feremur flokkum. Taflmennska hefst kl. 13:00 og er teflt \u00ed \u00f6llum flokkum samt\u00edmis.\u00a0 Fyrsti og annar bekkur Fimm umfer\u00f0ir me\u00f0 t\u00edmam\u00f6rkunum 4+2.\u00a0 \u00deri\u00f0ji til fimmti bekkur Sex umfer\u00f0ir me\u00f0 t\u00edmam\u00f6rkunum 6+2.\u00a0 Sj\u00f6tti til t\u00edundi bekkur Sex umfer\u00f0ir me\u00f0 [&hellip;]<\/p>\n","protected":false},"author":2,"featured_media":3619,"comment_status":"open","ping_status":"open","sticky":false,"template":"","format":"standard","meta":{"footnotes":""},"categories":[1],"tags":[],"class_list":["post-3618","post","type-post","status-publish","format-standard","has-post-thumbnail","hentry","category-frettir"],"jetpack_featured_media_url":"https:\/\/i0.wp.com\/skak.is\/skaksamband\/wp-content\/uploads\/sites\/8\/2026\/01\/Clipboard_01-07-2026_01.jpg?fit=1068%2C801&ssl=1","_links":{"self":[{"href":"https:\/\/skak.is\/skaksamband\/wp-json\/wp\/v2\/posts\/3618","targetHints":{"allow":["GET"]}}],"collection":[{"href":"https:\/\/skak.is\/skaksamband\/wp-json\/wp\/v2\/posts"}],"about":[{"href":"https:\/\/skak.is\/skaksamband\/wp-json\/wp\/v2\/types\/post"}],"author":[{"embeddable":true,"href":"https:\/\/skak.is\/skaksamband\/wp-json\/wp\/v2\/users\/2"}],"replies":[{"embeddable":true,"href":"https:\/\/skak.is\/skaksamband\/wp-json\/wp\/v2\/comments?post=3618"}],"version-history":[{"count":5,"href":"https:\/\/skak.is\/skaksamband\/wp-json\/wp\/v2\/posts\/3618\/revisions"}],"predecessor-version":[{"id":3625,"href":"https:\/\/skak.is\/skaksamband\/wp-json\/wp\/v2\/posts\/3618\/revisions\/3625"}],"wp:featuredmedia":[{"embeddable":true,"href":"https:\/\/skak.is\/skaksamband\/wp-json\/wp\/v2\/media\/3619"}],"wp:attachment":[{"href":"https:\/\/skak.is\/skaksamband\/wp-json\/wp\/v2\/media?parent=3618"}],"wp:term":[{"taxonomy":"category","embeddable":true,"href":"https:\/\/skak.is\/skaksamband\/wp-json\/wp\/v2\/categories?post=3618"},{"taxonomy":"post_tag","embeddable":true,"href":"https:\/\/skak.is\/skaksamband\/wp-json\/wp\/v2\/tags?post=3618"}],"curies":[{"name":"wp","href":"https:\/\/api.w.org\/{rel}","templated":true}]}}