{"id":268,"date":"2019-08-27T11:30:52","date_gmt":"2019-08-27T11:30:52","guid":{"rendered":"https:\/\/skak.is\/skakskolinn\/2019\/08\/27\/haustonn-skakskola-islands-2019-3\/"},"modified":"2019-08-30T11:00:31","modified_gmt":"2019-08-30T11:00:31","slug":"haustonn-skakskola-islands-2019","status":"publish","type":"post","link":"https:\/\/skak.is\/skakskolinn\/2019\/08\/27\/haustonn-skakskola-islands-2019\/","title":{"rendered":"Haust\u00f6nn Sk\u00e1ksk\u00f3la \u00cdslands 2019"},"content":{"rendered":"<p>Sk\u00e1ksk\u00f3li \u00cdslands starfar \u00e1 vegum Sk\u00e1ksambands \u00cdslands og \u00ed samvinnu vi\u00f0 menntam\u00e1la\u00adr\u00e1\u00f0uneyti\u00f0. Hlutverk sk\u00f3lans er a\u00f0 annast sk\u00e1kkennslu og a\u00f0 efla v\u00f6xt og vi\u00f0gang sk\u00e1klistarinnar \u00e1 \u00cdslandi. Helgi \u00d3lafsson st\u00f3rmeistari er sk\u00f3lastj\u00f3ri sk\u00f3lans.<\/p>\n<p>Starfsemin fer fram \u00ed h\u00fasn\u00e6\u00f0i sk\u00f3lans a\u00f0 Faxafeni 12, en gengi\u00f0 er inn a\u00f0 vestanver\u00f0u. Sk\u00e1ksk\u00f3linn heldur einng \u00fati starfsemi \u00ed St\u00fakunni \u00e1 K\u00f3pavogsvelli \u00ed samstarfi vi\u00f0 Sk\u00e1kdeild Brei\u00f0abliks, og jafnframt er mikil \u00e1hersla l\u00f6g\u00f0 \u00e1 gott samstarf sk\u00f3lans vi\u00f0 taflf\u00e9l\u00f6g \u00e1 landinu \u00f6llu. M.a. stendur sk\u00f3linn fyrir kennslu \u00ed Fischer-setri \u00e1 Selfossi og er bakhjarl kennslu \u00ed grunnsk\u00f3lum Akureyrar.<\/p>\n<p>Kennarar sk\u00f3lans hafa me\u00f0 h\u00f6ndum einkat\u00edma og <strong>einst\u00f6k verkefni<\/strong> sem var\u00f0a <strong>\u00fej\u00e1lfun ungmennalandsli\u00f0a<\/strong> og keppenda sem taka \u00fe\u00e1tt \u00ed al\u00fej\u00f3\u00f0legum m\u00f3tum erlendis. \u00cd sumar st\u00f3\u00f0 Sk\u00e1ksk\u00f3li \u00cdslands fyrir \u00fej\u00e1lfun \u00fe\u00e1tttakenda \u00ed Evr\u00f3pum\u00f3ti ungmenna \u00ed Bratislava \u00ed Sl\u00f3vak\u00edu.<\/p>\n<p>Sk\u00e1ksk\u00f3linn hvetur <strong>fyrirli\u00f0a sk\u00e1ksveita grunnsk\u00f3la<\/strong> a\u00f0 kynna s\u00e9r \u00fe\u00e1 \u00fej\u00e1lfun sem \u00ed bo\u00f0i er, en margar af sigurs\u00e6lustu sk\u00e1ksveitum grunnsk\u00f3lanna hafa fengi\u00f0 \u00fej\u00e1lfun hj\u00e1 Sk\u00e1ksk\u00f3la \u00cdslands. Sk\u00e1ksk\u00f3linn h\u00f3f jafnframt samstarf vi\u00f0 Menntask\u00f3lann \u00ed K\u00f3pavogi \u00e1 haust\u00f6nn 2019 vegna n\u00fdstofna\u00f0rar afreksbrautar en sk\u00e1k er me\u00f0al \u00feeirra greina sem falla undir \u00feessa starfsemi. <strong>Meistari Sk\u00e1ksk\u00f3la \u00cdslands 2019, Vignir Vatnar Stef\u00e1nsson<\/strong> er skr\u00e1\u00f0ur \u00e1 afreksbraut MK og er brautin n\u00fdr og spennandi valkostur fyrir ungt afreksf\u00f3lk \u00e1 svi\u00f0i sk\u00e1karinnar.<\/p>\n<figure id=\"attachment_6779\" aria-describedby=\"caption-attachment-6779\" style=\"width: 696px\" class=\"wp-caption aligncenter\"><img loading=\"lazy\" decoding=\"async\" class=\"size-large wp-image-183\" src=\"https:\/\/skak.is\/skakskolinn\/wp-content\/uploads\/sites\/7\/2019\/08\/4-1024x730.jpg\" alt=\"\" width=\"696\" height=\"496\" \/><figcaption id=\"caption-attachment-6779\" class=\"wp-caption-text\">Vignir Vatnar fyrir mi\u00f0ju ver\u00f0launahafa 1600+-flokksins.<\/figcaption><\/figure>\n<p>Sk\u00e1ksk\u00f3linn leitar eftir g\u00f3\u00f0u samstarfi vi\u00f0 \u00f6ll taflf\u00e9l\u00f6g \u00e1 landinu, h\u00f3pa og einstaklinga og hvetur \u00e1hugasama til a\u00f0 hafa samband og kynna s\u00e9r kennsluna og t\u00e6kif\u00e6ri til samstarfs.<\/p>\n<h3><strong>Kennsla \u00e1 haust\u00f6nn 2019<\/strong><\/h3>\n<p><strong>Haust\u00f6nn Sk\u00e1ksk\u00f3la \u00cdslands hefst vikuna\u00a0 2.\u20138. september. <\/strong>Kennt er <strong>\u00ed byrjendaflokkum, st\u00falknaflokkum, framhaldsflokkum og fullor\u00f0insflokkum<\/strong><\/p>\n<p><strong>Byrjendaflokkar Sk\u00e1ksk\u00f3lans <\/strong>eru \u00e6tla\u00f0ir fyrir krakka \u00e1 aldrinum 6 \u2013 10 \u00e1ra sem kunna mannganginn. Kennsla hefst 7. september og fer fram \u00e1 laugard\u00f6gum fr\u00e1\u00a0 12:30- 14:30, en hver h\u00f3pur er klukkut\u00edma \u00ed senn. <strong>Krist\u00f3fer\u00a0 Gautason <\/strong>hefur umsj\u00f3n me\u00f0 kennslunni \u00e1samt a\u00f0sto\u00f0arkennurum. Skr\u00e1ningar og fyrispurnir m\u00e1 senda \u00e1 netf\u00f6ngin <a href=\"mailto:kristofer.gautason@rvkskolar.is\">kristofer.gautason@rvkskolar.is<\/a> og <a href=\"mailto:Skaksamband@skaksamband.is\">Skaksamband@skaksamband.is<\/a>.\u00a0 N\u00e1mskei\u00f0sgj\u00f6ld fyrir haust\u00f6nn eru 15.000 kr. og h\u00e6gt er a\u00f0 n\u00fdta fr\u00edstundakort til grei\u00f0slu.<\/p>\n<figure id=\"attachment_8136\" aria-describedby=\"caption-attachment-8136\" style=\"width: 696px\" class=\"wp-caption aligncenter\"><img loading=\"lazy\" decoding=\"async\" class=\"size-full wp-image-257\" src=\"https:\/\/skak.is\/skakskolinn\/wp-content\/uploads\/sites\/7\/2019\/08\/Moggastelpugrein-696x428.jpg\" alt=\"\" width=\"696\" height=\"428\" \/><figcaption id=\"caption-attachment-8136\" class=\"wp-caption-text\">Sk\u00e1kstelpur Karen, Soff\u00eda, Anna, L\u00f3a, El\u00edn, Gu\u00f0r\u00fan og Fannd\u00eds \u00e1 \u00e6fingu hj\u00e1 J\u00f3h\u00f6nnu og Veroniku 28. jan\u00faar sl. \u2014 Morgunbla\u00f0i\u00f0\/\u00c1rni S\u00e6berg<\/figcaption><\/figure>\n<p><strong>St\u00falknaflokkar<\/strong> Sk\u00e1ksk\u00f3lans hefjast \u00ed St\u00fakunni \u00e1 <strong>K\u00f3pavogsvelli m\u00e1nudaginn 2. september. <\/strong>Sem fyrr sj\u00e1 <strong>J\u00f3hanna Bj\u00f6rg J\u00f3hannsd\u00f3ttir<\/strong> og <strong>Veronika Steinunn Magn\u00fasd\u00f3ttir<\/strong> um kennsluna. <strong>Skr\u00e1ning <\/strong>er \u00e1 netfangi\u00f0 <a href=\"mailto:stulknaskak@gmail.com\">stulknaskak@gmail.com<\/a><strong>.<\/strong><\/p>\n<p>\u00cd <strong>framhaldsdeild<\/strong> er byggt \u00e1 afreks\u00fej\u00e1lfun \u00fear sem flokkum er skipt eftir getu og er vali\u00f0 inn \u00ed \u00fe\u00e1 \u00e1 grundvelli innt\u00f6kupr\u00f3fa e\u00f0a ELO stiga. <strong>Fullor\u00f0insn\u00e1mskei\u00f0<\/strong> eru s\u00e9rstaklega augl\u00fdst \u00feegar \u00feau eru \u00ed bo\u00f0i.<\/p>\n<p>Fyrirspurnum um starfsemina skal beint \u00e1 netfang sk\u00e1khreyfingarinnar <a href=\"mailto:skaksamband@skaksamband.is\">skaksamband@skaksamband.is<\/a> e\u00f0a til sk\u00f3lastj\u00f3ra Sk\u00e1ksk\u00f3lans \u00e1 netfangi\u00f0 <a href=\"mailto:helol@simnet.is\">helol@simnet.is<\/a>.<\/p>\n","protected":false},"excerpt":{"rendered":"<p>Sk\u00e1ksk\u00f3li \u00cdslands starfar \u00e1 vegum Sk\u00e1ksambands \u00cdslands og \u00ed samvinnu vi\u00f0 menntam\u00e1la\u00adr\u00e1\u00f0uneyti\u00f0. Hlutverk sk\u00f3lans er a\u00f0 annast sk\u00e1kkennslu og a\u00f0 efla v\u00f6xt og vi\u00f0gang sk\u00e1klistarinnar \u00e1 \u00cdslandi. Helgi \u00d3lafsson st\u00f3rmeistari er sk\u00f3lastj\u00f3ri sk\u00f3lans. Starfsemin fer fram \u00ed h\u00fasn\u00e6\u00f0i sk\u00f3lans a\u00f0 Faxafeni 12, en gengi\u00f0 er inn a\u00f0 vestanver\u00f0u. Sk\u00e1ksk\u00f3linn heldur einng \u00fati starfsemi \u00ed St\u00fakunni [&hellip;]<\/p>\n","protected":false},"author":3,"featured_media":271,"comment_status":"open","ping_status":"open","sticky":false,"template":"","format":"standard","meta":{"footnotes":""},"categories":[6],"tags":[],"class_list":["post-268","post","type-post","status-publish","format-standard","has-post-thumbnail","hentry","category-barna-og-unglingastarf"],"jetpack_featured_media_url":"https:\/\/skak.is\/skakskolinn\/wp-content\/uploads\/sites\/7\/2019\/08\/Skakskoli_Islands_logo-med-frettum.png","jetpack_sharing_enabled":true,"jetpack_shortlink":"https:\/\/wp.me\/paA5Rs-4k","_links":{"self":[{"href":"https:\/\/skak.is\/skakskolinn\/wp-json\/wp\/v2\/posts\/268","targetHints":{"allow":["GET"]}}],"collection":[{"href":"https:\/\/skak.is\/skakskolinn\/wp-json\/wp\/v2\/posts"}],"about":[{"href":"https:\/\/skak.is\/skakskolinn\/wp-json\/wp\/v2\/types\/post"}],"author":[{"embeddable":true,"href":"https:\/\/skak.is\/skakskolinn\/wp-json\/wp\/v2\/users\/3"}],"replies":[{"embeddable":true,"href":"https:\/\/skak.is\/skakskolinn\/wp-json\/wp\/v2\/comments?post=268"}],"version-history":[{"count":10,"href":"https:\/\/skak.is\/skakskolinn\/wp-json\/wp\/v2\/posts\/268\/revisions"}],"predecessor-version":[{"id":279,"href":"https:\/\/skak.is\/skakskolinn\/wp-json\/wp\/v2\/posts\/268\/revisions\/279"}],"wp:featuredmedia":[{"embeddable":true,"href":"https:\/\/skak.is\/skakskolinn\/wp-json\/wp\/v2\/media\/271"}],"wp:attachment":[{"href":"https:\/\/skak.is\/skakskolinn\/wp-json\/wp\/v2\/media?parent=268"}],"wp:term":[{"taxonomy":"category","embeddable":true,"href":"https:\/\/skak.is\/skakskolinn\/wp-json\/wp\/v2\/categories?post=268"},{"taxonomy":"post_tag","embeddable":true,"href":"https:\/\/skak.is\/skakskolinn\/wp-json\/wp\/v2\/tags?post=268"}],"curies":[{"name":"wp","href":"https:\/\/api.w.org\/{rel}","templated":true}]}}